{"id":2450,"date":"2025-04-01T15:49:08","date_gmt":"2025-04-01T13:49:08","guid":{"rendered":"https:\/\/pallaiguide.hu\/?p=2450"},"modified":"2026-02-20T22:07:43","modified_gmt":"2026-02-20T20:07:43","slug":"a-cote-dazur-avagy-a-francia-riviera-es-ami-azon-tul-van","status":"publish","type":"post","link":"https:\/\/pallaiguide.hu\/index.php\/2025\/04\/01\/a-cote-dazur-avagy-a-francia-riviera-es-ami-azon-tul-van\/","title":{"rendered":"A\u00a0C\u00f4te d\u2019Azur, avagy a francia rivi\u00e9ra \u00e9s ami azon t\u00fal van&#8230;"},"content":{"rendered":"\n<p><em><strong>avagy a francia rivi\u00e9ra \u00e9s ami azon t\u00fal van&#8230;<\/strong><\/em><\/p>\n\n\n\n<p><\/p>\n\n\n\n<p>Ha azt mondom, hogy francia rivi\u00e9ra, mindenki tudja, hol van, melyek azok a v\u00e1rosok, amelyeket mindig emleget\u00fcnk, ha a&nbsp;C\u00f4te d\u2019Azur-r\u0151l van sz\u00f3. <\/p>\n\n\n\n<p>Ezek <strong>Cannes, Nizza, St. Tropez<\/strong>, hogy csak a legismertebbeket eml\u00edtsem.<\/p>\n\n\n\n<p>Nem sokat hallok azonban azokr\u00f3l a helyekr\u0151l, amelyek ugyan k\u0151haj\u00edt\u00e1snyira vannak ezekt\u0151l a partokt\u00f3l, csak \u00e9ppen a m\u00e1sik ir\u00e1nyban&#8230; \u00e9szaknak.<\/p>\n\n\n\n\r\n    <div>        \r\n    <video id=\"plyr69f256f5301f1\" controls class=\"easy-video-player\">\r\n       <source src=\"https:\/\/pallaiguide.hu\/wp-content\/uploads\/videos\/cotedazur_1080.mp4\" type=\"video\/mp4\" \/>\r\n    <\/video>\r\n    <\/div>    <script>\r\n        const evplayerplyr69f256f5301f1 = new Plyr(document.getElementById('plyr69f256f5301f1'));\r\n        evplayerplyr69f256f5301f1.ratio = '16:9';\r\n        evplayerplyr69f256f5301f1.iconUrl = 'https:\/\/pallaiguide.hu\/wp-content\/plugins\/easy-video-player\/lib\/plyr.svg';\r\n        evplayerplyr69f256f5301f1.blankVideo = 'https:\/\/pallaiguide.hu\/wp-content\/plugins\/easy-video-player\/lib\/blank.mp4';  \r\n    <\/script>\n\n\n\n<p>2017-ben eld\u00f6nt\u00f6ttem, megmutatom ezt a csod\u00e1latos vid\u00e9ket Ildimnek is, \u00edgy felpattantunk a rep\u00fcl\u0151re \u00e9s meg sem \u00e1lltunk Nizz\u00e1ig. Innen b\u00e9relt aut\u00f3val fedezt\u00fck fel a vid\u00e9ket, \u00e9s kedvenc kisv\u00e1rosomban Saint-Aygulf-ban b\u00e9relt\u00fcnk magunknak egy csod\u00e1s kis mobilh\u00e1zat \u00e9s innen csillagt\u00fara-szer\u0171en kir\u00e1ndultunk minden nap m\u00e1s-m\u00e1s \u00fatvonalon. <\/p>\n\n\n\n<p><\/p>\n\n\n\n<p><strong><em>A teljess\u00e9g ig\u00e9nye n\u00e9lk\u00fcl<\/em>: <\/strong><\/p>\n\n\n\n<p><em><strong>Saint-Aygulf <\/strong>a kedvenc tengerparti kisv\u00e1ros<\/em><\/p>\n\n\n\n<p><em><strong>Verdon-kanyon<\/strong> \/ Gorges du Verdon<\/em>&nbsp;\/&nbsp;&nbsp;<em>Grand canyon du Verdon<\/em><\/p>\n\n\n\n<p><em><strong>\u00c9ze<\/strong> \u2013 csod\u00e1latos kis telep\u00fcl\u00e9s a tengerparton<\/em><\/p>\n\n\n\n<p><em><strong>Peillon<\/strong> \u2013 egy szikl\u00e1ra \u00e9p\u00fclt k\u00fcl\u00f6nleges kisv\u00e1ros ezerp\u00e1rsz\u00e1z lak\u00f3val<\/em><\/p>\n\n\n\n<p><\/p>\n\n\n\n<p><em>Err\u0151l sz\u00f3l most ez a kisfilm, amit fogadjatok szeretettel.<\/em><\/p>\n\n\n\n<p><em>Utazzatok vel\u00fcnk!<\/em><\/p>\n\n\n\n<p><\/p>\n\n\n\n<p>Lel\u0151hely: <a href=\"https:\/\/maps.app.goo.gl\/ZhXSQCoan2Sct5LG6\" data-type=\"link\" data-id=\"https:\/\/maps.app.goo.gl\/ZhXSQCoan2Sct5LG6\" target=\"_blank\" rel=\"noreferrer noopener\">Saint-Aygulf<\/a><\/p>\n","protected":false},"excerpt":{"rendered":"<p>Ha azt mondom, hogy francia rivi\u00e9ra, mindenki tudja, hol van, melyek azok a v\u00e1rosok, amelyeket mindig emleget\u00fcnk, ha a\u00a0C\u00f4te d\u2019Azur-r\u0151l van sz\u00f3.<\/p>\n","protected":false},"author":2,"featured_media":2454,"comment_status":"closed","ping_status":"closed","sticky":false,"template":"","format":"standard","meta":{"advanced_seo_description":"","jetpack_seo_html_title":"","jetpack_seo_noindex":false,"_jetpack_memberships_contains_paid_content":false,"footnotes":""},"categories":[117,54,40],"tags":[108,109,76],"class_list":["post-2450","post","type-post","status-publish","format-standard","has-post-thumbnail","hentry","category-franciaorszag","category-termeszet","category-video","tag-franciaorszag","tag-riviera","tag-tengerpart"],"jetpack_featured_media_url":"https:\/\/i0.wp.com\/pallaiguide.hu\/wp-content\/uploads\/2025\/04\/DSC00013.jpg?fit=1920%2C1078&ssl=1","jetpack_sharing_enabled":true,"_links":{"self":[{"href":"https:\/\/pallaiguide.hu\/index.php\/wp-json\/wp\/v2\/posts\/2450","targetHints":{"allow":["GET"]}}],"collection":[{"href":"https:\/\/pallaiguide.hu\/index.php\/wp-json\/wp\/v2\/posts"}],"about":[{"href":"https:\/\/pallaiguide.hu\/index.php\/wp-json\/wp\/v2\/types\/post"}],"author":[{"embeddable":true,"href":"https:\/\/pallaiguide.hu\/index.php\/wp-json\/wp\/v2\/users\/2"}],"replies":[{"embeddable":true,"href":"https:\/\/pallaiguide.hu\/index.php\/wp-json\/wp\/v2\/comments?post=2450"}],"version-history":[{"count":6,"href":"https:\/\/pallaiguide.hu\/index.php\/wp-json\/wp\/v2\/posts\/2450\/revisions"}],"predecessor-version":[{"id":2510,"href":"https:\/\/pallaiguide.hu\/index.php\/wp-json\/wp\/v2\/posts\/2450\/revisions\/2510"}],"wp:featuredmedia":[{"embeddable":true,"href":"https:\/\/pallaiguide.hu\/index.php\/wp-json\/wp\/v2\/media\/2454"}],"wp:attachment":[{"href":"https:\/\/pallaiguide.hu\/index.php\/wp-json\/wp\/v2\/media?parent=2450"}],"wp:term":[{"taxonomy":"category","embeddable":true,"href":"https:\/\/pallaiguide.hu\/index.php\/wp-json\/wp\/v2\/categories?post=2450"},{"taxonomy":"post_tag","embeddable":true,"href":"https:\/\/pallaiguide.hu\/index.php\/wp-json\/wp\/v2\/tags?post=2450"}],"curies":[{"name":"wp","href":"https:\/\/api.w.org\/{rel}","templated":true}]}}