{"id":2293,"date":"2023-04-20T21:50:17","date_gmt":"2023-04-20T19:50:17","guid":{"rendered":"https:\/\/pallaiguide.hu\/?p=2293"},"modified":"2026-02-20T22:00:45","modified_gmt":"2026-02-20T20:00:45","slug":"pacser-furodjunk-meggyleben","status":"publish","type":"post","link":"https:\/\/pallaiguide.hu\/index.php\/2023\/04\/20\/pacser-furodjunk-meggyleben\/","title":{"rendered":"Pacs\u00e9r &#8211; f\u00fcr\u00f6dj\u00fcnk meggyl\u00e9ben!"},"content":{"rendered":"\n<p>Amikor el\u0151sz\u00f6r olvastam err\u0151l, nem akartam elhinni, hogy ilyen l\u00e9tezik. Egyik legkedvencebb id\u0151t\u00f6lt\u00e9s n\u00e1lam a term\u00e1lf\u00fcrd\u0151z\u00e9s. Ez\u00e9rt ak\u00e1rmerre utazunk \u00e9s a k\u00f6zelben van ilyen lehet\u0151s\u00e9g megpr\u00f3b\u00e1ljuk, h\u00e1tha m\u00e9g egy kedvenccel t\u00f6bb lesz a list\u00e1nkon. <\/p>\n\n\n\n<p>Pacs\u00e9r a Vajdas\u00e1g (Szerbia) egyik kistelep\u00fcl\u00e9se, Szabadk\u00e1t\u00f3l nem eg\u00e9szen 31 kilom\u00e9terre fekszik. A telep\u00fcl\u00e9s lakoss\u00e1g\u00e1nak 60%-a magyar, \u00edgy magyarul is t\u00f6k\u00e9letesen elboldogulunk. <\/p>\n\n\n\n<figure class=\"wp-block-gallery has-nested-images columns-default is-cropped wp-block-gallery-1 is-layout-flex wp-block-gallery-is-layout-flex\">\n<figure class=\"wp-block-image size-large\"><img data-recalc-dims=\"1\" loading=\"lazy\" decoding=\"async\" width=\"1024\" height=\"768\" data-id=\"2295\" src=\"https:\/\/i0.wp.com\/pallaiguide.hu\/wp-content\/uploads\/2023\/04\/IMG_2542.jpg?resize=1024%2C768&#038;ssl=1\" alt=\"\" class=\"wp-image-2295\" srcset=\"https:\/\/i0.wp.com\/pallaiguide.hu\/wp-content\/uploads\/2023\/04\/IMG_2542-scaled.jpg?resize=1024%2C768&amp;ssl=1 1024w, https:\/\/i0.wp.com\/pallaiguide.hu\/wp-content\/uploads\/2023\/04\/IMG_2542-scaled.jpg?resize=300%2C225&amp;ssl=1 300w, https:\/\/i0.wp.com\/pallaiguide.hu\/wp-content\/uploads\/2023\/04\/IMG_2542-scaled.jpg?resize=768%2C576&amp;ssl=1 768w, https:\/\/i0.wp.com\/pallaiguide.hu\/wp-content\/uploads\/2023\/04\/IMG_2542-scaled.jpg?resize=1536%2C1152&amp;ssl=1 1536w, https:\/\/i0.wp.com\/pallaiguide.hu\/wp-content\/uploads\/2023\/04\/IMG_2542-scaled.jpg?resize=2048%2C1536&amp;ssl=1 2048w, https:\/\/i0.wp.com\/pallaiguide.hu\/wp-content\/uploads\/2023\/04\/IMG_2542-scaled.jpg?w=1440&amp;ssl=1 1440w\" sizes=\"auto, (max-width: 1000px) 100vw, 1000px\" \/><\/figure>\n\n\n\n<figure class=\"wp-block-image size-large\"><img data-recalc-dims=\"1\" loading=\"lazy\" decoding=\"async\" width=\"1024\" height=\"768\" data-id=\"2294\" src=\"https:\/\/i0.wp.com\/pallaiguide.hu\/wp-content\/uploads\/2023\/04\/IMG_5571.jpeg?resize=1024%2C768&#038;ssl=1\" alt=\"\" class=\"wp-image-2294\" srcset=\"https:\/\/i0.wp.com\/pallaiguide.hu\/wp-content\/uploads\/2023\/04\/IMG_5571-scaled.jpeg?resize=1024%2C768&amp;ssl=1 1024w, https:\/\/i0.wp.com\/pallaiguide.hu\/wp-content\/uploads\/2023\/04\/IMG_5571-scaled.jpeg?resize=300%2C225&amp;ssl=1 300w, https:\/\/i0.wp.com\/pallaiguide.hu\/wp-content\/uploads\/2023\/04\/IMG_5571-scaled.jpeg?resize=768%2C576&amp;ssl=1 768w, https:\/\/i0.wp.com\/pallaiguide.hu\/wp-content\/uploads\/2023\/04\/IMG_5571-scaled.jpeg?resize=1536%2C1152&amp;ssl=1 1536w, https:\/\/i0.wp.com\/pallaiguide.hu\/wp-content\/uploads\/2023\/04\/IMG_5571-scaled.jpeg?resize=2048%2C1536&amp;ssl=1 2048w, https:\/\/i0.wp.com\/pallaiguide.hu\/wp-content\/uploads\/2023\/04\/IMG_5571-scaled.jpeg?w=1440&amp;ssl=1 1440w\" sizes=\"auto, (max-width: 1000px) 100vw, 1000px\" \/><\/figure>\n<\/figure>\n\n\n\n<p>2018-ban nyitotta meg kapuj\u00e1t a Pacs\u00e9ri Term\u00e1lf\u00fcrd\u0151, melynek 72 Celsius-fokos vize 30-32 fokosra h\u0171lve \u00e9rkezik meg a kialak\u00edtott term\u00e9szetesnek hat\u00f3 f\u00fcrd\u0151t\u00f3ba. <\/p>\n\n\n\n<p>Ha valaki ink\u00e1bb a belt\u00e9ri f\u00fcrd\u00e9st v\u00e1lasztan\u00e1, h\u00e1rom k\u00fcl\u00f6nb\u00f6z\u0151 h\u0151fok\u00fa medenc\u00e9t tal\u00e1l a nagyon t\u00e1gas, pihen\u00e9sre is alkalmas f\u00fcrd\u0151h\u00e1zban. <\/p>\n\n\n\n<p><\/p>\n\n\n\n<p>S\u00f3tartalma kifejezetten magas, ez\u00e9rt l\u00e9g\u00fati betegs\u00e9gekre is j\u00f3 hat\u00e1ssal lehet. A v\u00edz  l\u00edtium, j\u00f3d, br\u00f3m, fluor \u00e9s k\u00e9ntartalma is jelent\u0151s, amit  \u00edz\u00fcleti, b\u0151r- \u00e9s csontbetegs\u00e9gekben szenved\u0151k sz\u00e1m\u00e1ra is b\u00e1tran aj\u00e1nlanak, de pajzsmirigy-t\u00falm\u0171k\u00f6d\u00e9s eset\u00e9n viszont nem javasolt a f\u00fcrd\u0151z\u00e9s.<\/p>\n\n\n\n<p>A bel\u00e9p\u0151 teljesen bar\u00e1ti, aktu\u00e1lis \u00e1rfolyamt\u00f3l f\u00fcgg\u0151en nagyj\u00e1b\u00f3l 1500Ft-nak megfelel\u0151 D\u00edn\u00e1rt kell fejenk\u00e9nt kifizetn\u00fcnk. <\/p>\n\n\n\n<p>Ezt a r\u00f6vid vide\u00f3t pedig az\u00e9rt k\u00e9sz\u00edtett\u00fck, hogy l\u00e1ss\u00e1tok, milyen \u00e9rdekes r\u00f3zsasz\u00ednes\/lil\u00e1s sz\u00edne van a v\u00edznek, legink\u00e1bb a magas j\u00f3dtartalom miatt.<\/p>\n\n\n\n\r\n    <div>        \r\n    <video id=\"plyr69f42493dcf30\" controls class=\"easy-video-player\">\r\n       <source src=\"https:\/\/pallaiguide.hu\/wp-content\/uploads\/videos\/pallaiguide_pacser_1080.mp4\" type=\"video\/mp4\" \/>\r\n    <\/video>\r\n    <\/div>    <script>\r\n        const evplayerplyr69f42493dcf30 = new Plyr(document.getElementById('plyr69f42493dcf30'));\r\n        evplayerplyr69f42493dcf30.ratio = '16:9';\r\n        evplayerplyr69f42493dcf30.iconUrl = 'https:\/\/pallaiguide.hu\/wp-content\/plugins\/easy-video-player\/lib\/plyr.svg';\r\n        evplayerplyr69f42493dcf30.blankVideo = 'https:\/\/pallaiguide.hu\/wp-content\/plugins\/easy-video-player\/lib\/blank.mp4';  \r\n    <\/script>\n\n\n\n<p>Lel\u0151hely: <a href=\"https:\/\/maps.app.goo.gl\/WSk2ZiGkQBAHnqro6\" data-type=\"link\" data-id=\"https:\/\/maps.app.goo.gl\/WSk2ZiGkQBAHnqro6\" target=\"_blank\" rel=\"noreferrer noopener\">WC3G+2V Pacs\u00e9r, Szerbia<\/a><\/p>\n","protected":false},"excerpt":{"rendered":"<p>2018-ban nyitotta meg kapuj\u00e1t a Pacs\u00e9ri Term\u00e1lf\u00fcrd\u0151, melynek 72 Celsius-fokos vize 30-32 fokosra h\u0171lve \u00e9rkezik meg a kialak\u00edtott term\u00e9szetesnek hat\u00f3 f\u00fcrd\u0151t\u00f3ba.<\/p>\n","protected":false},"author":2,"featured_media":2296,"comment_status":"closed","ping_status":"closed","sticky":false,"template":"","format":"standard","meta":{"advanced_seo_description":"","jetpack_seo_html_title":"","jetpack_seo_noindex":false,"_jetpack_memberships_contains_paid_content":false,"footnotes":""},"categories":[18,60,54,61,40],"tags":[70,68,69,62],"class_list":["post-2293","post","type-post","status-publish","format-standard","has-post-thumbnail","hentry","category-kulfold","category-szerbia","category-termeszet","category-vajdasag","category-video","tag-gyogyviz","tag-szerbia","tag-termalfurdo","tag-vajdasag"],"jetpack_featured_media_url":"https:\/\/i0.wp.com\/pallaiguide.hu\/wp-content\/uploads\/2023\/04\/IMG_2543-scaled.jpg?fit=1440%2C1080&ssl=1","jetpack_sharing_enabled":true,"_links":{"self":[{"href":"https:\/\/pallaiguide.hu\/index.php\/wp-json\/wp\/v2\/posts\/2293","targetHints":{"allow":["GET"]}}],"collection":[{"href":"https:\/\/pallaiguide.hu\/index.php\/wp-json\/wp\/v2\/posts"}],"about":[{"href":"https:\/\/pallaiguide.hu\/index.php\/wp-json\/wp\/v2\/types\/post"}],"author":[{"embeddable":true,"href":"https:\/\/pallaiguide.hu\/index.php\/wp-json\/wp\/v2\/users\/2"}],"replies":[{"embeddable":true,"href":"https:\/\/pallaiguide.hu\/index.php\/wp-json\/wp\/v2\/comments?post=2293"}],"version-history":[{"count":3,"href":"https:\/\/pallaiguide.hu\/index.php\/wp-json\/wp\/v2\/posts\/2293\/revisions"}],"predecessor-version":[{"id":2503,"href":"https:\/\/pallaiguide.hu\/index.php\/wp-json\/wp\/v2\/posts\/2293\/revisions\/2503"}],"wp:featuredmedia":[{"embeddable":true,"href":"https:\/\/pallaiguide.hu\/index.php\/wp-json\/wp\/v2\/media\/2296"}],"wp:attachment":[{"href":"https:\/\/pallaiguide.hu\/index.php\/wp-json\/wp\/v2\/media?parent=2293"}],"wp:term":[{"taxonomy":"category","embeddable":true,"href":"https:\/\/pallaiguide.hu\/index.php\/wp-json\/wp\/v2\/categories?post=2293"},{"taxonomy":"post_tag","embeddable":true,"href":"https:\/\/pallaiguide.hu\/index.php\/wp-json\/wp\/v2\/tags?post=2293"}],"curies":[{"name":"wp","href":"https:\/\/api.w.org\/{rel}","templated":true}]}}